{"id":1518,"date":"2012-12-17T21:44:19","date_gmt":"2012-12-17T20:44:19","guid":{"rendered":"http:\/\/www.villingur.com\/?p=1518"},"modified":"2015-04-10T08:59:25","modified_gmt":"2015-04-10T06:59:25","slug":"reflekstid","status":"publish","type":"post","link":"http:\/\/www.villingur.com\/?p=1518","title":{"rendered":"Refleksbruk og hest i trafikken!"},"content":{"rendered":"<p>Kj\u00e6re Villingurmedlemmer ! Husk refleks p\u00e5 deg og hesten din! og husk at om hesten tar opp hodet vil en ikke alltid se rytteren, s\u00e5 ikke nok med vest, kle ogs\u00e5 p\u00e5 HESTEN og gjerne b\u00e5nd rundt hjelmen!<br \/>\nNorges Rytterforbund \u00b4s brosjyre <a href=\"http:\/\/www.rytter.no\/LinkClick.aspx?fileticket=UyR3K5OnGkI%3D&#038;tabid=327\">&laquo;Hest i trafikken&raquo;<\/a> er viktig \u00e5 lese for alle oss som ferdes ute p\u00e5 veiene med hest!<\/p>\n","protected":false},"excerpt":{"rendered":"<p>Kj\u00e6re Villingurmedlemmer ! Husk refleks p\u00e5 deg og hesten din! og husk at om hesten tar opp hodet vil en ikke alltid se rytteren, s\u00e5 ikke nok med vest, kle ogs\u00e5 p\u00e5 HESTEN og gjerne b\u00e5nd rundt hjelmen! Norges Rytterforbund \u00b4s brosjyre &laquo;Hest i trafikken&raquo; er viktig \u00e5 lese for alle oss som ferdes ute &hellip; <\/p>\n<p class=\"link-more\"><a href=\"http:\/\/www.villingur.com\/?p=1518\" class=\"more-link\">Fortsett \u00e5 lese<span class=\"screen-reader-text\"> \u00abRefleksbruk og hest i trafikken!\u00bb<\/span><\/a><\/p>\n","protected":false},"author":1,"featured_media":1519,"comment_status":"closed","ping_status":"closed","sticky":false,"template":"","format":"standard","meta":{"jetpack_post_was_ever_published":false,"_jetpack_newsletter_access":"","_jetpack_dont_email_post_to_subs":false,"_jetpack_newsletter_tier_id":0,"_jetpack_memberships_contains_paywalled_content":false,"_jetpack_memberships_contains_paid_content":false,"footnotes":""},"categories":[13],"tags":[19,276,275,274],"class_list":["post-1518","post","type-post","status-publish","format-standard","has-post-thumbnail","hentry","category-nyhet","tag-refleks","tag-refleksband","tag-refleksvest","tag-trygg-trafikk"],"jetpack_featured_media_url":"http:\/\/www.villingur.com\/wp-content\/uploads\/refleks-e1355776860600.jpg","jetpack_sharing_enabled":true,"jetpack_shortlink":"https:\/\/wp.me\/p803s6-ou","jetpack_likes_enabled":true,"_links":{"self":[{"href":"http:\/\/www.villingur.com\/index.php?rest_route=\/wp\/v2\/posts\/1518","targetHints":{"allow":["GET"]}}],"collection":[{"href":"http:\/\/www.villingur.com\/index.php?rest_route=\/wp\/v2\/posts"}],"about":[{"href":"http:\/\/www.villingur.com\/index.php?rest_route=\/wp\/v2\/types\/post"}],"author":[{"embeddable":true,"href":"http:\/\/www.villingur.com\/index.php?rest_route=\/wp\/v2\/users\/1"}],"replies":[{"embeddable":true,"href":"http:\/\/www.villingur.com\/index.php?rest_route=%2Fwp%2Fv2%2Fcomments&post=1518"}],"version-history":[{"count":10,"href":"http:\/\/www.villingur.com\/index.php?rest_route=\/wp\/v2\/posts\/1518\/revisions"}],"predecessor-version":[{"id":3415,"href":"http:\/\/www.villingur.com\/index.php?rest_route=\/wp\/v2\/posts\/1518\/revisions\/3415"}],"wp:featuredmedia":[{"embeddable":true,"href":"http:\/\/www.villingur.com\/index.php?rest_route=\/wp\/v2\/media\/1519"}],"wp:attachment":[{"href":"http:\/\/www.villingur.com\/index.php?rest_route=%2Fwp%2Fv2%2Fmedia&parent=1518"}],"wp:term":[{"taxonomy":"category","embeddable":true,"href":"http:\/\/www.villingur.com\/index.php?rest_route=%2Fwp%2Fv2%2Fcategories&post=1518"},{"taxonomy":"post_tag","embeddable":true,"href":"http:\/\/www.villingur.com\/index.php?rest_route=%2Fwp%2Fv2%2Ftags&post=1518"}],"curies":[{"name":"wp","href":"https:\/\/api.w.org\/{rel}","templated":true}]}}