{"id":1528,"date":"2012-12-19T14:27:28","date_gmt":"2012-12-19T13:27:28","guid":{"rendered":"http:\/\/www.villingur.com\/?p=1528"},"modified":"2013-02-02T11:31:27","modified_gmt":"2013-02-02T10:31:27","slug":"et-nytt-aktivt-ar-i-villingur","status":"publish","type":"post","link":"http:\/\/www.villingur.com\/?p=1528","title":{"rendered":"Et nytt aktivt \u00e5r i Villingur"},"content":{"rendered":"<p><a href=\"http:\/\/www.villingur.com\/wp-content\/uploads\/nytt\u00e5r.jpg\"><img loading=\"lazy\" decoding=\"async\" src=\"http:\/\/www.villingur.com\/wp-content\/uploads\/nytt\u00e5r-150x150.jpg\" alt=\"\" title=\"nytt\u00e5r\" width=\"150\" height=\"150\" class=\"alignleft size-thumbnail wp-image-1766\" srcset=\"http:\/\/www.villingur.com\/wp-content\/uploads\/nytt\u00e5r-150x150.jpg 150w, http:\/\/www.villingur.com\/wp-content\/uploads\/nytt\u00e5r-300x300.jpg 300w, http:\/\/www.villingur.com\/wp-content\/uploads\/nytt\u00e5r.jpg 399w\" sizes=\"auto, (max-width: 150px) 100vw, 150px\" \/><\/a>Vi g\u00e5r et spennende \u00e5r i m\u00f8te her i Villingur Islandshestforening.<br \/>\n<strong>Kursene<\/strong> fortsetter etter jul; Erlingur Erlingsson kommer ca en gang i m\u00e5neden og Eva Opdal er tilbake med dressurkurs hver fjortende dag.<!--more--> Ungdomsgruppen satser ogs\u00e5 p\u00e5 en v\u00e5rsesong med kurs og Thomas Larsen som instukt\u00f8r.<br \/>\nVi skal ha <strong>temakvelder<\/strong> med bla fokus p\u00e5 tenner og skader i munnen. Og ryktene sier vi f\u00e5r et spennende <strong>stevne\u00e5r<\/strong>, ikke minst fordi vi skal arrangere et \u201dWorld ranking\u201d stevne med en avslutstilling i forkant.<br \/>\nOg n\u00e5r vi har en endelig terminliste klar, da har nok b\u00e5de turgruppen, ungdomsgruppen og familie- og rekrutteringsgruppen f\u00e5tt krydret det hele med noe spennende for alle og enhver.<br \/>\nH\u00e5per dere f\u00e5r en kjempeflott jule- og nytt\u00e5rshelg !<\/p>\n","protected":false},"excerpt":{"rendered":"<p>Vi g\u00e5r et spennende \u00e5r i m\u00f8te her i Villingur Islandshestforening. Kursene fortsetter etter jul; Erlingur Erlingsson kommer ca en gang i m\u00e5neden og Eva Opdal er tilbake med dressurkurs hver fjortende dag.<\/p>\n","protected":false},"author":1,"featured_media":1541,"comment_status":"closed","ping_status":"closed","sticky":false,"template":"","format":"standard","meta":{"jetpack_post_was_ever_published":false,"_jetpack_newsletter_access":"","_jetpack_dont_email_post_to_subs":false,"_jetpack_newsletter_tier_id":0,"_jetpack_memberships_contains_paywalled_content":false,"_jetpack_memberships_contains_paid_content":false,"footnotes":""},"categories":[13,8],"tags":[22,23,21],"class_list":["post-1528","post","type-post","status-publish","format-standard","has-post-thumbnail","hentry","category-nyhet","category-styret","tag-kurs-2","tag-stevnear","tag-temakveld"],"jetpack_featured_media_url":"http:\/\/www.villingur.com\/wp-content\/uploads\/nytta\u030ar.jpg","jetpack_sharing_enabled":true,"jetpack_shortlink":"https:\/\/wp.me\/p803s6-oE","jetpack_likes_enabled":true,"_links":{"self":[{"href":"http:\/\/www.villingur.com\/index.php?rest_route=\/wp\/v2\/posts\/1528","targetHints":{"allow":["GET"]}}],"collection":[{"href":"http:\/\/www.villingur.com\/index.php?rest_route=\/wp\/v2\/posts"}],"about":[{"href":"http:\/\/www.villingur.com\/index.php?rest_route=\/wp\/v2\/types\/post"}],"author":[{"embeddable":true,"href":"http:\/\/www.villingur.com\/index.php?rest_route=\/wp\/v2\/users\/1"}],"replies":[{"embeddable":true,"href":"http:\/\/www.villingur.com\/index.php?rest_route=%2Fwp%2Fv2%2Fcomments&post=1528"}],"version-history":[{"count":9,"href":"http:\/\/www.villingur.com\/index.php?rest_route=\/wp\/v2\/posts\/1528\/revisions"}],"predecessor-version":[{"id":1621,"href":"http:\/\/www.villingur.com\/index.php?rest_route=\/wp\/v2\/posts\/1528\/revisions\/1621"}],"wp:featuredmedia":[{"embeddable":true,"href":"http:\/\/www.villingur.com\/index.php?rest_route=\/wp\/v2\/media\/1541"}],"wp:attachment":[{"href":"http:\/\/www.villingur.com\/index.php?rest_route=%2Fwp%2Fv2%2Fmedia&parent=1528"}],"wp:term":[{"taxonomy":"category","embeddable":true,"href":"http:\/\/www.villingur.com\/index.php?rest_route=%2Fwp%2Fv2%2Fcategories&post=1528"},{"taxonomy":"post_tag","embeddable":true,"href":"http:\/\/www.villingur.com\/index.php?rest_route=%2Fwp%2Fv2%2Ftags&post=1528"}],"curies":[{"name":"wp","href":"https:\/\/api.w.org\/{rel}","templated":true}]}}