{"id":7087,"date":"2018-08-06T08:29:41","date_gmt":"2018-08-06T06:29:41","guid":{"rendered":"http:\/\/www.villingur.com\/?p=7087"},"modified":"2018-08-06T08:29:59","modified_gmt":"2018-08-06T06:29:59","slug":"reserve-pa-landslaget","status":"publish","type":"post","link":"http:\/\/www.villingur.com\/?p=7087","title":{"rendered":"Reserve p\u00e5 landslaget"},"content":{"rendered":"<div>\n<p><em>Etter noen uker fri etter en ulykke med en unghest er Hannah tilbake p\u00e5 jobb igjen, n\u00e5 har det v\u00e6rt fullt kj\u00f8r mot Nordisk som starter denne uken.\u00a0<\/em><\/p>\n<\/div>\n<div>Hannah har hatt en uvanlig sesong i \u00e5r, p\u00e5 grunn av skade ble ikke hverken Villingurstevnet eller Sthansstevnet slik hun hadde sett f\u00f8re seg.<\/div>\n<div><\/div>\n<div>Hun valgte \u00e5 ri NM men ogs\u00e5 der merket hun at kroppen ikke var helt p\u00e5 plass.<\/div>\n<div>Hannah er i \u00e5r tatt ut som reserve for det Norske landslaget i g\u00e6dinga! Dette er f\u00f8rste gang hun og Smyrill er p\u00e5 langslaget.<\/div>\n<div><\/div>\n<div>Hannah er l\u00e6rling p\u00e5 Fossanmoen Islandshestsenter og har snart jobbet her i et \u00e5r. Her har hun det siste \u00e5ret hatt 9 hester til trening foruten hesten sin Smyrill.<\/div>\n<div>\n<figure id=\"attachment_7090\" aria-describedby=\"caption-attachment-7090\" style=\"width: 2048px\" class=\"wp-caption alignnone\"><img loading=\"lazy\" decoding=\"async\" class=\"wp-image-7090 size-full\" src=\"http:\/\/www.villingur.com\/wp-content\/uploads\/38531507_373182326548233_4340301212680192000_n.jpg\" alt=\"\" width=\"2048\" height=\"2048\" srcset=\"http:\/\/www.villingur.com\/wp-content\/uploads\/38531507_373182326548233_4340301212680192000_n.jpg 2048w, http:\/\/www.villingur.com\/wp-content\/uploads\/38531507_373182326548233_4340301212680192000_n-150x150.jpg 150w, http:\/\/www.villingur.com\/wp-content\/uploads\/38531507_373182326548233_4340301212680192000_n-300x300.jpg 300w, http:\/\/www.villingur.com\/wp-content\/uploads\/38531507_373182326548233_4340301212680192000_n-768x768.jpg 768w, http:\/\/www.villingur.com\/wp-content\/uploads\/38531507_373182326548233_4340301212680192000_n-1024x1024.jpg 1024w, http:\/\/www.villingur.com\/wp-content\/uploads\/38531507_373182326548233_4340301212680192000_n-100x100.jpg 100w\" sizes=\"auto, (max-width: 767px) 89vw, (max-width: 1000px) 54vw, (max-width: 1071px) 543px, 580px\" \/><figcaption id=\"caption-attachment-7090\" class=\"wp-caption-text\">Hannah og Smyrill under NM i Grimstad. Foto: Anny Huseb\u00f8<\/figcaption><\/figure>\n<\/div>\n<div><strong>Hvordan var det \u00e5 bli tatt ut til det norske landslaget?<\/strong><br \/>\nDet var utrolig g\u00f8y \u00e5 bli tatt ut som reserve p\u00e5 det norske G\u00e6dingakeppni laget! Spesielt etter NM i G\u00e6dingakeppni hvor vi fikk en 3.plass! \ud83d\ude42<\/div>\n<div><\/div>\n<div><strong>Hvordan er formen til Smyrill for tiden?<\/strong><br \/>\nSmyrill er som vanlig i godt hum\u00f8r og glad for en trenings\u00f8kt. \ud83d\ude42<\/div>\n","protected":false},"excerpt":{"rendered":"<p>Etter noen uker fri etter en ulykke med en unghest er Hannah tilbake p\u00e5 jobb igjen, n\u00e5 har det v\u00e6rt fullt kj\u00f8r mot Nordisk som starter denne uken.\u00a0 Hannah har hatt en uvanlig sesong i \u00e5r, p\u00e5 grunn av skade ble ikke hverken Villingurstevnet eller Sthansstevnet slik hun hadde sett f\u00f8re seg. Hun valgte \u00e5 &hellip; <\/p>\n<p class=\"link-more\"><a href=\"http:\/\/www.villingur.com\/?p=7087\" class=\"more-link\">Fortsett \u00e5 lese<span class=\"screen-reader-text\"> \u00abReserve p\u00e5 landslaget\u00bb<\/span><\/a><\/p>\n","protected":false},"author":3,"featured_media":0,"comment_status":"closed","ping_status":"closed","sticky":false,"template":"","format":"standard","meta":{"jetpack_post_was_ever_published":false,"_jetpack_newsletter_access":"","_jetpack_dont_email_post_to_subs":false,"_jetpack_newsletter_tier_id":0,"_jetpack_memberships_contains_paywalled_content":false,"_jetpack_memberships_contains_paid_content":false,"footnotes":""},"categories":[705,13,14],"tags":[239,704],"class_list":["post-7087","post","type-post","status-publish","format-standard","hentry","category-nordisk","category-nyhet","category-stevne","tag-nordisk-2","tag-nordisk-mesterskap-2018"],"jetpack_featured_media_url":"","jetpack_sharing_enabled":true,"jetpack_shortlink":"https:\/\/wp.me\/p803s6-1Qj","jetpack_likes_enabled":true,"_links":{"self":[{"href":"http:\/\/www.villingur.com\/index.php?rest_route=\/wp\/v2\/posts\/7087","targetHints":{"allow":["GET"]}}],"collection":[{"href":"http:\/\/www.villingur.com\/index.php?rest_route=\/wp\/v2\/posts"}],"about":[{"href":"http:\/\/www.villingur.com\/index.php?rest_route=\/wp\/v2\/types\/post"}],"author":[{"embeddable":true,"href":"http:\/\/www.villingur.com\/index.php?rest_route=\/wp\/v2\/users\/3"}],"replies":[{"embeddable":true,"href":"http:\/\/www.villingur.com\/index.php?rest_route=%2Fwp%2Fv2%2Fcomments&post=7087"}],"version-history":[{"count":10,"href":"http:\/\/www.villingur.com\/index.php?rest_route=\/wp\/v2\/posts\/7087\/revisions"}],"predecessor-version":[{"id":7098,"href":"http:\/\/www.villingur.com\/index.php?rest_route=\/wp\/v2\/posts\/7087\/revisions\/7098"}],"wp:attachment":[{"href":"http:\/\/www.villingur.com\/index.php?rest_route=%2Fwp%2Fv2%2Fmedia&parent=7087"}],"wp:term":[{"taxonomy":"category","embeddable":true,"href":"http:\/\/www.villingur.com\/index.php?rest_route=%2Fwp%2Fv2%2Fcategories&post=7087"},{"taxonomy":"post_tag","embeddable":true,"href":"http:\/\/www.villingur.com\/index.php?rest_route=%2Fwp%2Fv2%2Ftags&post=7087"}],"curies":[{"name":"wp","href":"https:\/\/api.w.org\/{rel}","templated":true}]}}