{"id":7580,"date":"2018-12-12T15:32:27","date_gmt":"2018-12-12T14:32:27","guid":{"rendered":"http:\/\/www.villingur.com\/?p=7580"},"modified":"2018-12-12T15:58:30","modified_gmt":"2018-12-12T14:58:30","slug":"kultur-og-miljopris-til-villingur","status":"publish","type":"post","link":"http:\/\/www.villingur.com\/?p=7580","title":{"rendered":"Kultur- og milj\u00f8pris til Villingur"},"content":{"rendered":"<p><a href=\"http:\/\/www.villingur.com\/wp-content\/uploads\/ordf\u00f8rerogAmanda.jpg\"><img loading=\"lazy\" decoding=\"async\" src=\"http:\/\/www.villingur.com\/wp-content\/uploads\/ordf\u00f8rerogAmanda-883x1024.jpg\" alt=\"\" width=\"525\" height=\"609\" class=\"alignnone size-large wp-image-7581\" srcset=\"http:\/\/www.villingur.com\/wp-content\/uploads\/ordf\u00f8rerogAmanda-883x1024.jpg 883w, http:\/\/www.villingur.com\/wp-content\/uploads\/ordf\u00f8rerogAmanda-259x300.jpg 259w, http:\/\/www.villingur.com\/wp-content\/uploads\/ordf\u00f8rerogAmanda-768x890.jpg 768w\" sizes=\"auto, (max-width: 525px) 100vw, 525px\" \/><\/a>Idag, 12.desember 2018, ble det offentliggjort p\u00e5 kommunehuset i Forsand at kultur- og milj\u00f8prisen &laquo;Ausekaret&raquo; ble tildelt v\u00e5r klubb &#8211; Villingur Islandshestforening !! &laquo;Det er med stor \u00e6re at eg som formann mottok prisen \u00abAusekaret\u00bb fra Forsand kommune idag p\u00e5 vegne av Villingur! Enormt kjekt!\ud83d\ude03 &raquo; uttalte lederen v\u00e5r, Amanda Stangeland, da hun mottok prisen tidligere idag.<\/p>\n<p>Forsand la dette til grunn da de valgte \u00e5 gi prisen til v\u00e5r klubb;<br \/>\n&laquo;I Forsand har me mange verdige kandidatar.  \u00c5rleg kjem det inn fleire forslag,  De \u00e5 f\u00e5 koma med forslag p\u00e5 kandidatar til kultur- og milj\u00f8prisen er med \u00e5 engasjere bygdefolket.  Ved avgjersle blir alle innkomne forslag vurdert.<br \/>\nPrisvinnaren har alltid fokus p\u00e5 \u00e5 tilretteleggja og jobba m\u00e5lretta for si idrettsgrein.  Lager har over \u00e5r skapt eit godt milj\u00f8 og eit positivt felleskap der ei heiar kvarandre fram.  At medlemsmassen omfattar barn og vaksne p\u00e5 tvers av generasjonar i trening og konkurranse er ganske unikt.<br \/>\nGjennom store arrangement med h\u00f8gt niv\u00e5 har laget tatt ansvar og vist at dugnads\u00e5nda lever i beste velg\u00e5ande.  Mer er ogs\u00e5 kjemt med at lagsmilj\u00f8et er s\u00e5 bra at det har resultert i tilflytting og akua folketal n\u00e5r dei same interessa busett seg i v\u00e5r kommune.<br \/>\nBygda er stolt av prisvinnaren som har bidratt til at Forsand ofte blir omtalt som &laquo;lille Island&raquo;!  Laget fortener Ausekaret som takk for flott innsats!&raquo;<\/p>\n<p>Idag, Villingurmedlemmer, har vi lov til \u00e5 v\u00e6re stolte av oss selv og klappe hverandre p\u00e5 skuldra \ud83d\ude42<\/p>\n<p>ps. vi er i Strandbuen idag \ud83d\ude42<\/p>\n<p><a href=\"http:\/\/www.villingur.com\/wp-content\/uploads\/Ausekaret_Strandbuen.jpg\"><img loading=\"lazy\" decoding=\"async\" src=\"http:\/\/www.villingur.com\/wp-content\/uploads\/Ausekaret_Strandbuen-1024x792.jpg\" alt=\"\" width=\"525\" height=\"406\" class=\"alignnone size-large wp-image-7586\" srcset=\"http:\/\/www.villingur.com\/wp-content\/uploads\/Ausekaret_Strandbuen-1024x792.jpg 1024w, http:\/\/www.villingur.com\/wp-content\/uploads\/Ausekaret_Strandbuen-300x232.jpg 300w, http:\/\/www.villingur.com\/wp-content\/uploads\/Ausekaret_Strandbuen-768x594.jpg 768w, http:\/\/www.villingur.com\/wp-content\/uploads\/Ausekaret_Strandbuen.jpg 1526w\" sizes=\"auto, (max-width: 525px) 100vw, 525px\" \/><\/a><\/p>\n","protected":false},"excerpt":{"rendered":"<p>Idag, 12.desember 2018, ble det offentliggjort p\u00e5 kommunehuset i Forsand at kultur- og milj\u00f8prisen &laquo;Ausekaret&raquo; ble tildelt v\u00e5r klubb &#8211; Villingur Islandshestforening !! &laquo;Det er med stor \u00e6re at eg som formann mottok prisen \u00abAusekaret\u00bb fra Forsand kommune idag p\u00e5 vegne av Villingur! Enormt kjekt!\ud83d\ude03 &raquo; uttalte lederen v\u00e5r, Amanda Stangeland, da hun mottok prisen &hellip; <\/p>\n<p class=\"link-more\"><a href=\"http:\/\/www.villingur.com\/?p=7580\" class=\"more-link\">Fortsett \u00e5 lese<span class=\"screen-reader-text\"> \u00abKultur- og milj\u00f8pris til Villingur\u00bb<\/span><\/a><\/p>\n","protected":false},"author":1,"featured_media":0,"comment_status":"closed","ping_status":"closed","sticky":false,"template":"","format":"standard","meta":{"jetpack_post_was_ever_published":false,"_jetpack_newsletter_access":"","_jetpack_dont_email_post_to_subs":false,"_jetpack_newsletter_tier_id":0,"_jetpack_memberships_contains_paywalled_content":false,"_jetpack_memberships_contains_paid_content":false,"footnotes":""},"categories":[24],"tags":[772,774,773],"class_list":["post-7580","post","type-post","status-publish","format-standard","hentry","category-aktivitet","tag-ausekaret","tag-forsand-kommune","tag-kultur-og-miljopris"],"jetpack_featured_media_url":"","jetpack_sharing_enabled":true,"jetpack_shortlink":"https:\/\/wp.me\/p803s6-1Yg","jetpack_likes_enabled":true,"_links":{"self":[{"href":"http:\/\/www.villingur.com\/index.php?rest_route=\/wp\/v2\/posts\/7580","targetHints":{"allow":["GET"]}}],"collection":[{"href":"http:\/\/www.villingur.com\/index.php?rest_route=\/wp\/v2\/posts"}],"about":[{"href":"http:\/\/www.villingur.com\/index.php?rest_route=\/wp\/v2\/types\/post"}],"author":[{"embeddable":true,"href":"http:\/\/www.villingur.com\/index.php?rest_route=\/wp\/v2\/users\/1"}],"replies":[{"embeddable":true,"href":"http:\/\/www.villingur.com\/index.php?rest_route=%2Fwp%2Fv2%2Fcomments&post=7580"}],"version-history":[{"count":5,"href":"http:\/\/www.villingur.com\/index.php?rest_route=\/wp\/v2\/posts\/7580\/revisions"}],"predecessor-version":[{"id":7587,"href":"http:\/\/www.villingur.com\/index.php?rest_route=\/wp\/v2\/posts\/7580\/revisions\/7587"}],"wp:attachment":[{"href":"http:\/\/www.villingur.com\/index.php?rest_route=%2Fwp%2Fv2%2Fmedia&parent=7580"}],"wp:term":[{"taxonomy":"category","embeddable":true,"href":"http:\/\/www.villingur.com\/index.php?rest_route=%2Fwp%2Fv2%2Fcategories&post=7580"},{"taxonomy":"post_tag","embeddable":true,"href":"http:\/\/www.villingur.com\/index.php?rest_route=%2Fwp%2Fv2%2Ftags&post=7580"}],"curies":[{"name":"wp","href":"https:\/\/api.w.org\/{rel}","templated":true}]}}