{"id":8077,"date":"2019-04-15T07:40:22","date_gmt":"2019-04-15T05:40:22","guid":{"rendered":"http:\/\/www.villingur.com\/?p=8077"},"modified":"2019-08-13T13:03:09","modified_gmt":"2019-08-13T11:03:09","slug":"kurs-med-johan-haggberg","status":"publish","type":"post","link":"http:\/\/www.villingur.com\/?p=8077","title":{"rendered":"Kurs med Johan H\u00e4ggberg"},"content":{"rendered":"\n<p>H\u00f8st\/vinter\/v\u00e5r 2019\/2020 vil Villingur tilby kurs opplegg med Johan H\u00e4ggberg!<\/p>\n\n\n\n<p>Johan er i \u00e5r ny i Villingur og vi har gleden av \u00e5 invitere til kurs med han! <br>Johan bor i Stockholm, er en topp merittert rytter, dommer, trener og ridel\u00e6rer.<br><\/p>\n\n\n\n<p><strong>F\u00f8rste kurs: <\/strong><br>Nr 1. <strong>7-8 september 2019 <\/strong><\/p>\n\n\n\n<p><strong>Sted:<\/strong> Ridebanen i Dalen.&nbsp;<\/p>\n\n\n\n<p>Private ridetimer \u00e1 40 min, l\u00f8rdag og s\u00f8ndag.&nbsp;<\/p>\n\n\n\n<p><strong>Pris: <\/strong> 1700 kr <\/p>\n\n\n\n<p>NB! Maks 10 deltakere, s\u00e5 her er det f\u00f8rste mann til m\u00f8llen! <\/p>\n\n\n\n<p><strong>P\u00e5melding til<\/strong>: post@villingur.com<\/p>\n\n\n\n<p><strong>Det er bindene p\u00e5melding;<\/strong> F\u00e5r ikke kurs ansvarlig beskjed om endringer blir faktura sendt til den som er p\u00e5meldt. <br>Det er kun sykmelding og veterin\u00e6rattest som er gyldig for fritak. <\/p>\n\n\n\n<p><strong>P\u00e5meldingsfrist <\/strong>26. august 2019 <\/p>\n\n\n\n<p>Velkommen til kurs \ud83d\ude42<br><br>Styret v\/Hannah<\/p>\n\n\n\n<figure class=\"wp-block-image\"><img loading=\"lazy\" decoding=\"async\" width=\"1024\" height=\"1019\" src=\"http:\/\/www.villingur.com\/wp-content\/uploads\/thumbnail_FB_IMG_1554987017860-1024x1019.jpg\" alt=\"\" class=\"wp-image-8091\" srcset=\"http:\/\/www.villingur.com\/wp-content\/uploads\/thumbnail_FB_IMG_1554987017860-1024x1019.jpg 1024w, http:\/\/www.villingur.com\/wp-content\/uploads\/thumbnail_FB_IMG_1554987017860-150x150.jpg 150w, http:\/\/www.villingur.com\/wp-content\/uploads\/thumbnail_FB_IMG_1554987017860-300x298.jpg 300w, http:\/\/www.villingur.com\/wp-content\/uploads\/thumbnail_FB_IMG_1554987017860-768x764.jpg 768w, http:\/\/www.villingur.com\/wp-content\/uploads\/thumbnail_FB_IMG_1554987017860-100x100.jpg 100w, http:\/\/www.villingur.com\/wp-content\/uploads\/thumbnail_FB_IMG_1554987017860.jpg 1371w\" sizes=\"auto, (max-width: 767px) 89vw, (max-width: 1000px) 54vw, (max-width: 1071px) 543px, 580px\" \/><\/figure>\n","protected":false},"excerpt":{"rendered":"<p>H\u00f8st\/vinter\/v\u00e5r 2019\/2020 vil Villingur tilby kurs opplegg med Johan H\u00e4ggberg! Johan er i \u00e5r ny i Villingur og vi har gleden av \u00e5 invitere til kurs med han! Johan bor i Stockholm, er en topp merittert rytter, dommer, trener og ridel\u00e6rer. F\u00f8rste kurs: Nr 1. 7-8 september 2019 Sted: Ridebanen i Dalen.&nbsp; Private ridetimer \u00e1 &hellip; <\/p>\n<p class=\"link-more\"><a href=\"http:\/\/www.villingur.com\/?p=8077\" class=\"more-link\">Fortsett \u00e5 lese<span class=\"screen-reader-text\"> \u00abKurs med Johan H\u00e4ggberg\u00bb<\/span><\/a><\/p>\n","protected":false},"author":3,"featured_media":0,"comment_status":"closed","ping_status":"closed","sticky":false,"template":"","format":"standard","meta":{"jetpack_post_was_ever_published":false,"_jetpack_newsletter_access":"","_jetpack_dont_email_post_to_subs":false,"_jetpack_newsletter_tier_id":0,"_jetpack_memberships_contains_paywalled_content":false,"_jetpack_memberships_contains_paid_content":false,"footnotes":""},"categories":[13],"tags":[820,22,423],"class_list":["post-8077","post","type-post","status-publish","format-standard","hentry","category-nyhet","tag-johan-kurs","tag-kurs-2","tag-ridekurs"],"jetpack_featured_media_url":"","jetpack_sharing_enabled":true,"jetpack_shortlink":"https:\/\/wp.me\/p803s6-26h","jetpack_likes_enabled":true,"_links":{"self":[{"href":"http:\/\/www.villingur.com\/index.php?rest_route=\/wp\/v2\/posts\/8077","targetHints":{"allow":["GET"]}}],"collection":[{"href":"http:\/\/www.villingur.com\/index.php?rest_route=\/wp\/v2\/posts"}],"about":[{"href":"http:\/\/www.villingur.com\/index.php?rest_route=\/wp\/v2\/types\/post"}],"author":[{"embeddable":true,"href":"http:\/\/www.villingur.com\/index.php?rest_route=\/wp\/v2\/users\/3"}],"replies":[{"embeddable":true,"href":"http:\/\/www.villingur.com\/index.php?rest_route=%2Fwp%2Fv2%2Fcomments&post=8077"}],"version-history":[{"count":10,"href":"http:\/\/www.villingur.com\/index.php?rest_route=\/wp\/v2\/posts\/8077\/revisions"}],"predecessor-version":[{"id":8299,"href":"http:\/\/www.villingur.com\/index.php?rest_route=\/wp\/v2\/posts\/8077\/revisions\/8299"}],"wp:attachment":[{"href":"http:\/\/www.villingur.com\/index.php?rest_route=%2Fwp%2Fv2%2Fmedia&parent=8077"}],"wp:term":[{"taxonomy":"category","embeddable":true,"href":"http:\/\/www.villingur.com\/index.php?rest_route=%2Fwp%2Fv2%2Fcategories&post=8077"},{"taxonomy":"post_tag","embeddable":true,"href":"http:\/\/www.villingur.com\/index.php?rest_route=%2Fwp%2Fv2%2Ftags&post=8077"}],"curies":[{"name":"wp","href":"https:\/\/api.w.org\/{rel}","templated":true}]}}