{"id":6020,"date":"2017-03-14T08:55:59","date_gmt":"2017-03-14T07:55:59","guid":{"rendered":"http:\/\/www.villingur.com\/?p=6020"},"modified":"2017-03-14T08:55:59","modified_gmt":"2017-03-14T07:55:59","slug":"kvalifiseringsstevne-21-mars","status":"publish","type":"post","link":"https:\/\/www.villingur.com\/?p=6020","title":{"rendered":"Kvalifiseringsstevne 21.mars"},"content":{"rendered":"<p><a href=\"http:\/\/www.villingur.com\/wp-content\/uploads\/cropped-villingur_logo_appikon.jpg\"><img loading=\"lazy\" decoding=\"async\" src=\"http:\/\/www.villingur.com\/wp-content\/uploads\/cropped-villingur_logo_appikon-300x300.jpg\" alt=\"\" width=\"300\" height=\"300\" class=\"alignnone size-medium wp-image-5531\" srcset=\"https:\/\/www.villingur.com\/wp-content\/uploads\/cropped-villingur_logo_appikon-300x300.jpg 300w, https:\/\/www.villingur.com\/wp-content\/uploads\/cropped-villingur_logo_appikon-150x150.jpg 150w, https:\/\/www.villingur.com\/wp-content\/uploads\/cropped-villingur_logo_appikon-270x270.jpg 270w, https:\/\/www.villingur.com\/wp-content\/uploads\/cropped-villingur_logo_appikon-192x192.jpg 192w, https:\/\/www.villingur.com\/wp-content\/uploads\/cropped-villingur_logo_appikon-180x180.jpg 180w, https:\/\/www.villingur.com\/wp-content\/uploads\/cropped-villingur_logo_appikon-32x32.jpg 32w, https:\/\/www.villingur.com\/wp-content\/uploads\/cropped-villingur_logo_appikon.jpg 512w\" sizes=\"auto, (max-width: 300px) 100vw, 300px\" \/><\/a><br \/>\nStevnet 8.mars ble avlyst pga d\u00e5rlig v\u00e6r.  N\u00e5 er det satt opp nytt kvalifiseringsstevne 21.mars, med det samme programmet.  Ryttere som var p\u00e5meldt 8.mars blir prioritert.<br \/>\n<a href=\"http:\/\/www.villingur.com\/wp-content\/uploads\/Kvallik1.pdf\">INVITASJON<\/a><\/p>\n","protected":false},"excerpt":{"rendered":"<p>Stevnet 8.mars ble avlyst pga d\u00e5rlig v\u00e6r. N\u00e5 er det satt opp nytt kvalifiseringsstevne 21.mars, med det samme programmet. Ryttere som var p\u00e5meldt 8.mars blir prioritert. INVITASJON<\/p>\n","protected":false},"author":1,"featured_media":0,"comment_status":"closed","ping_status":"closed","sticky":false,"template":"","format":"standard","meta":{"jetpack_post_was_ever_published":false,"_jetpack_newsletter_access":"","_jetpack_dont_email_post_to_subs":false,"_jetpack_newsletter_tier_id":0,"_jetpack_memberships_contains_paywalled_content":false,"_jetpack_memberships_contains_paid_content":false,"footnotes":""},"categories":[15,13,14],"tags":[65,325,532],"class_list":["post-6020","post","type-post","status-publish","format-standard","hentry","category-invitasjoner","category-nyhet","category-stevne","tag-kvalifiseringsstevne-2","tag-kvalik","tag-ridebanen-i-dalen"],"jetpack_featured_media_url":"","jetpack_sharing_enabled":true,"jetpack_shortlink":"https:\/\/wp.me\/p803s6-1z6","jetpack_likes_enabled":true,"_links":{"self":[{"href":"https:\/\/www.villingur.com\/index.php?rest_route=\/wp\/v2\/posts\/6020","targetHints":{"allow":["GET"]}}],"collection":[{"href":"https:\/\/www.villingur.com\/index.php?rest_route=\/wp\/v2\/posts"}],"about":[{"href":"https:\/\/www.villingur.com\/index.php?rest_route=\/wp\/v2\/types\/post"}],"author":[{"embeddable":true,"href":"https:\/\/www.villingur.com\/index.php?rest_route=\/wp\/v2\/users\/1"}],"replies":[{"embeddable":true,"href":"https:\/\/www.villingur.com\/index.php?rest_route=%2Fwp%2Fv2%2Fcomments&post=6020"}],"version-history":[{"count":2,"href":"https:\/\/www.villingur.com\/index.php?rest_route=\/wp\/v2\/posts\/6020\/revisions"}],"predecessor-version":[{"id":6022,"href":"https:\/\/www.villingur.com\/index.php?rest_route=\/wp\/v2\/posts\/6020\/revisions\/6022"}],"wp:attachment":[{"href":"https:\/\/www.villingur.com\/index.php?rest_route=%2Fwp%2Fv2%2Fmedia&parent=6020"}],"wp:term":[{"taxonomy":"category","embeddable":true,"href":"https:\/\/www.villingur.com\/index.php?rest_route=%2Fwp%2Fv2%2Fcategories&post=6020"},{"taxonomy":"post_tag","embeddable":true,"href":"https:\/\/www.villingur.com\/index.php?rest_route=%2Fwp%2Fv2%2Ftags&post=6020"}],"curies":[{"name":"wp","href":"https:\/\/api.w.org\/{rel}","templated":true}]}}